{"id":147,"date":"2011-06-19T12:19:58","date_gmt":"2011-06-19T10:19:58","guid":{"rendered":"http:\/\/genevray.com\/jerome\/?p=147"},"modified":"2012-11-13T00:13:39","modified_gmt":"2012-11-12T23:13:39","slug":"interview-sur-france-info","status":"publish","type":"post","link":"https:\/\/genevray.com\/jerome\/?p=147","title":{"rendered":"Interviews sur France Info &#038; France Inter"},"content":{"rendered":"<p><a href=\"http:\/\/genevray.com\/media\/11073-07.07.2011-ITEMA_20295828-0.mp3\"><img loading=\"lazy\" decoding=\"async\" class=\"alignleft  wp-image-148\" title=\"Interview sur France Info \u00e0 propos de Greenboy et l'\u00e9cole d'acteur\" src=\"http:\/\/genevray.com\/jerome\/wp-content\/uploads\/2011\/07\/france-info-150x150.jpg\" alt=\"\" width=\"120\" height=\"120\" srcset=\"https:\/\/genevray.com\/jerome\/wp-content\/uploads\/2011\/07\/france-info-150x150.jpg 150w, https:\/\/genevray.com\/jerome\/wp-content\/uploads\/2011\/07\/france-info-300x300.jpg 300w, https:\/\/genevray.com\/jerome\/wp-content\/uploads\/2011\/07\/france-info.jpg 880w\" sizes=\"auto, (max-width: 120px) 100vw, 120px\" \/><\/a><\/p>\n<p>J&rsquo;ai eu le plaisir d&rsquo;\u00eatre interview\u00e9 sur France Info, dans la chronique \u00ab\u00a0Elle se mele de tout\u00a0\u00bb, sur <a href=\"?p=1\">Greenboy <\/a>et mon <a href=\"http:\/\/ecolecinema.genevray.com\" target=\"_blank\">\u00e9cole d&rsquo;acteur<\/a>.<\/p>\n<p>La radio, c&rsquo;est beau !<\/p>\n<p>&nbsp;<\/p>\n<p><a href=\"http:\/\/genevray.com\/media\/11073-07.07.2011-ITEMA_20295828-0.mp3\">Ecouter la chronique (2&rsquo;33)<\/a>, diffus\u00e9e le 7 Juillet 2011 \u00e0 7h50.<\/p>\n<blockquote><p><strong>\u00ab Le GreenBoy \u00bb c\u2019est un court m\u00e9trage dont j\u2019avais envie de parler depuis longtemps. Comme c\u2019est la derni\u00e8re chronique de l\u2019ann\u00e9e, c\u2019est le moment !<\/strong><\/p>\n<p>Le r\u00e9alisateur du GreenBoy s\u2019appelle J\u00e9r\u00f4me Genevray. Son petit film a presque un an, pourtant il continue d\u2019afficher plusieurs centaines de milliers de vues chaque mois. Et pas moins de\u00a0 25 s\u00e9lections dans des festivals du monde entier, dont le Festival du Film Merveilleux \u00e0 Paris, le week-end dernier. Dans ce film parsem\u00e9 \u00e0 chaque plan de Licorne (c\u2019est l\u2019embl\u00e8me de Greenboy), et qui compte 5 lignes\u00a0 de dialogue, pas une de plus, le r\u00f4le de la m\u00e9chante Dirty Girl est tenu par Alysson Paradis, qui comme Zo\u00e9 F\u00e9lix ou B\u00e9r\u00e9nice B\u00e9jo avant elle, a fait confiance \u00e0 l\u2019univers po\u00e9tique de J\u00e9r\u00f4me. Alors le GreenBoy, de quoi \u00e7a parle ?<\/p>\n<p>Apr\u00e8s une courte carri\u00e8re d\u2019ing\u00e9nieur informatique, J\u00e9r\u00f4me Genevray a aujourd\u2019hui pas moins d\u2019une trentaine de courts-m\u00e9trages \u00e0 son actif et plus de cinquante publicit\u00e9s. Depuis un an, il s\u2019est lanc\u00e9 dans une nouvelle aventure : une \u00e9cole pour acteurs de cin\u00e9ma. L\u2019\u00e9cole de cin\u00e9ma Genevray\u00a0 fera sa deuxi\u00e8me rentr\u00e9e en septembre.<\/p><\/blockquote>\n<p><em>H\u00e9l\u00e8ne Lam Trong, journaliste pour France Info.<\/em><\/p>\n<h2>Interview sur France Inter (journal national du matin)<\/h2>\n<div><object width=\"400\" height=\"224\" classid=\"clsid:d27cdb6e-ae6d-11cf-96b8-444553540000\" codebase=\"http:\/\/download.macromedia.com\/pub\/shockwave\/cabs\/flash\/swflash.cab#version=6,0,40,0\"><param name=\"allowfullscreen\" value=\"true\" \/><param name=\"src\" value=\"http:\/\/www.facebook.com\/v\/432901773418\" \/><embed width=\"400\" height=\"224\" type=\"application\/x-shockwave-flash\" src=\"http:\/\/www.facebook.com\/v\/432901773418\" allowfullscreen=\"true\" \/><img loading=\"lazy\" decoding=\"async\" src=\"http:\/\/genevray.com\/jerome\/wp-includes\/js\/tinymce\/themes\/advanced\/img\/trans.gif\" class=\"mceItemMedia mceItemFlash\" width=\"400\" height=\"224\" data-mce-json=\"{'video':{},'params':{'src':'http:\/\/www.facebook.com\/v\/432901773418','allowfullscreen':'true'}}\" alt=\"\" \/><\/object><\/div>\n<div><\/div>\n","protected":false},"excerpt":{"rendered":"<p>J&rsquo;ai eu le plaisir d&rsquo;\u00eatre interview\u00e9 sur France Info, dans la chronique \u00ab\u00a0Elle se mele de tout\u00a0\u00bb, sur Greenboy et mon \u00e9cole d&rsquo;acteur. La radio, c&rsquo;est beau ! &nbsp; Ecouter la chronique (2&rsquo;33), diffus\u00e9e le<a class=\"read-more\" href=\"https:\/\/genevray.com\/jerome\/?p=147\">Continue reading<\/a><\/p>\n","protected":false},"author":1,"featured_media":148,"comment_status":"closed","ping_status":"closed","sticky":false,"template":"","format":"standard","meta":{"footnotes":""},"categories":[10],"tags":[],"class_list":["post-147","post","type-post","status-publish","format-standard","has-post-thumbnail","hentry","category-livre"],"_links":{"self":[{"href":"https:\/\/genevray.com\/jerome\/index.php?rest_route=\/wp\/v2\/posts\/147","targetHints":{"allow":["GET"]}}],"collection":[{"href":"https:\/\/genevray.com\/jerome\/index.php?rest_route=\/wp\/v2\/posts"}],"about":[{"href":"https:\/\/genevray.com\/jerome\/index.php?rest_route=\/wp\/v2\/types\/post"}],"author":[{"embeddable":true,"href":"https:\/\/genevray.com\/jerome\/index.php?rest_route=\/wp\/v2\/users\/1"}],"replies":[{"embeddable":true,"href":"https:\/\/genevray.com\/jerome\/index.php?rest_route=%2Fwp%2Fv2%2Fcomments&post=147"}],"version-history":[{"count":33,"href":"https:\/\/genevray.com\/jerome\/index.php?rest_route=\/wp\/v2\/posts\/147\/revisions"}],"predecessor-version":[{"id":155,"href":"https:\/\/genevray.com\/jerome\/index.php?rest_route=\/wp\/v2\/posts\/147\/revisions\/155"}],"wp:featuredmedia":[{"embeddable":true,"href":"https:\/\/genevray.com\/jerome\/index.php?rest_route=\/wp\/v2\/media\/148"}],"wp:attachment":[{"href":"https:\/\/genevray.com\/jerome\/index.php?rest_route=%2Fwp%2Fv2%2Fmedia&parent=147"}],"wp:term":[{"taxonomy":"category","embeddable":true,"href":"https:\/\/genevray.com\/jerome\/index.php?rest_route=%2Fwp%2Fv2%2Fcategories&post=147"},{"taxonomy":"post_tag","embeddable":true,"href":"https:\/\/genevray.com\/jerome\/index.php?rest_route=%2Fwp%2Fv2%2Ftags&post=147"}],"curies":[{"name":"wp","href":"https:\/\/api.w.org\/{rel}","templated":true}]}}